{"id":3915,"date":"2014-06-17T03:49:21","date_gmt":"2014-06-17T08:19:21","guid":{"rendered":"http:\/\/www.tubrica.com\/?p=3915"},"modified":"2023-10-23T16:27:13","modified_gmt":"2023-10-23T16:27:13","slug":"1era-semana-del-ambiente-tubrica","status":"publish","type":"post","link":"https:\/\/tubrica.com\/en\/1era-semana-del-ambiente-tubrica\/","title":{"rendered":"1era Semana del Ambiente TUBRICA"},"content":{"rendered":"<p><strong>Con motivo a la celebraci\u00f3n de la 1era Semana del Ambiente TUBRICA, la Coordinaci\u00f3n de Gesti\u00f3n Ambiental, Recursos Humanos y la Unidad de Mercadeo, programaron una semana de actividades orientadas a capacitar y sensibilizar en materia ambiental, al personal de la empresa, a las esposas, madres e hijos de los trabajadores. <\/strong><\/p>\n<p>Con un Taller de Manejo de Desechos y Reciclaje dirigido a los Trabajadores y facilitado por\u00a0 el Ministerio del Poder Popular para el Ambiente, se dio inicio a la conmemoraci\u00f3n en TUBRICA del D\u00eda Mundial del Ambiente. En sus palabras de apertura, Euclides Rodr\u00edguez, Coordinador de Gesti\u00f3n Ambiental, destac\u00f3 los avances que en poco tiempo esta empresa ha alcanzado en materia legislativa ambiental, buscando minimizar los impactos ambientales negativo que la actividad productiva pueda generar, siempre con miras a garantizar los derechos ambientales individuales y colectivos de los larenses.<\/p>\n<p>Posteriormente, la participaci\u00f3n fue para las esposas, madres, hijas de trabajadores y trabajadoras, quienes recibieron un Taller de Reciclaje de Papel, Papel Artesanal, y elaboraci\u00f3n de Manualidades con Papel artesanal facilitado por Profesoras Profesionales de la Escuela de Artes y Oficio Bol\u00edvar Tovar de Barquisimeto. En este Taller las asistentes lograron realizar objetos artesanales por medio del reciclaje de un residuo generado frecuentemente en nuestros hogares y oficinas.<\/p>\n<p>Los ni\u00f1os tambi\u00e9n son protagonistas en esta Semana del Ambiente TUBRICA. Durante cuatro d\u00edas, grupos de ni\u00f1os hijos de trabajadores asistieron al 1er Taller de Pintura Ambiental quienes motivados por video foros ambientales proyectados por personal del Ministerio del Poder Popular para el Ambiente, fueron sensibilizados sobre la conservaci\u00f3n del ambiente, y luego, de manos de un experto pintor regional, lograron plasmar su visi\u00f3n del ambiente sobre Papel Hilo usando la t\u00e9cnica de color y tiza pastel, para brindar a toda la colectividad un exposici\u00f3n de Pintura Ambiental las cuales se podr\u00e1n visualizar en las instalaciones del Comedor de TUBRICA hasta el Pr\u00f3ximo Viernes 13 de Junio.<\/p>\n<p>&nbsp;<\/p>\n<p><a href=\"https:\/\/tubrica.com\/wp-content\/uploads\/2014\/06\/HPIM6859.jpg\"><img decoding=\"async\" class=\"aligncenter size-thumbnail wp-image-3916\" src=\"https:\/\/tubrica.com\/wp-content\/uploads\/2020\/09\/HPIM6859-220x120.jpg\" alt=\"HPIM6859\" width=\"220\" height=\"120\" \/><\/a><a href=\"https:\/\/tubrica.com\/wp-content\/uploads\/2014\/06\/HPIM6860.jpg\"><img decoding=\"async\" class=\"aligncenter size-thumbnail wp-image-3917\" src=\"https:\/\/tubrica.com\/wp-content\/uploads\/2020\/09\/HPIM6860-220x120.jpg\" alt=\"HPIM6860\" width=\"220\" height=\"120\" \/><\/a><a href=\"https:\/\/tubrica.com\/wp-content\/uploads\/2014\/06\/HPIM6862.jpg\"><img decoding=\"async\" class=\"aligncenter size-thumbnail wp-image-3918\" src=\"https:\/\/tubrica.com\/wp-content\/uploads\/2020\/09\/HPIM6862-220x120.jpg\" alt=\"HPIM6862\" width=\"220\" height=\"120\" \/><\/a><a href=\"https:\/\/tubrica.com\/wp-content\/uploads\/2014\/06\/HPIM6869.jpg\"><img loading=\"lazy\" decoding=\"async\" class=\"aligncenter size-thumbnail wp-image-3920\" src=\"https:\/\/tubrica.com\/wp-content\/uploads\/2020\/09\/HPIM6869-220x120.jpg\" alt=\"HPIM6869\" width=\"220\" height=\"120\" \/><\/a><a href=\"https:\/\/tubrica.com\/wp-content\/uploads\/2014\/06\/HPIM6873.jpg\"><img loading=\"lazy\" decoding=\"async\" class=\"aligncenter size-thumbnail wp-image-3922\" src=\"https:\/\/tubrica.com\/wp-content\/uploads\/2020\/09\/HPIM6873-220x120.jpg\" alt=\"HPIM6873\" width=\"220\" height=\"120\" \/><\/a><a href=\"https:\/\/tubrica.com\/wp-content\/uploads\/2014\/06\/HPIM6884.jpg\"><img loading=\"lazy\" decoding=\"async\" class=\"aligncenter size-thumbnail wp-image-3924\" src=\"https:\/\/tubrica.com\/wp-content\/uploads\/2020\/09\/HPIM6884-220x120.jpg\" alt=\"HPIM6884\" width=\"220\" height=\"120\" \/><\/a><a href=\"https:\/\/tubrica.com\/wp-content\/uploads\/2014\/06\/HPIM6896.jpg\"><img loading=\"lazy\" decoding=\"async\" class=\"aligncenter size-thumbnail wp-image-3925\" src=\"https:\/\/tubrica.com\/wp-content\/uploads\/2020\/09\/HPIM6896-220x120.jpg\" alt=\"HPIM6896\" width=\"220\" height=\"120\" \/><\/a><a href=\"https:\/\/tubrica.com\/wp-content\/uploads\/2014\/06\/HPIM6902.jpg\"><img loading=\"lazy\" decoding=\"async\" class=\"aligncenter size-thumbnail wp-image-3927\" src=\"https:\/\/tubrica.com\/wp-content\/uploads\/2020\/09\/HPIM6902-220x120.jpg\" alt=\"HPIM6902\" width=\"220\" height=\"120\" \/><\/a><a href=\"https:\/\/tubrica.com\/wp-content\/uploads\/2014\/06\/HPIM6905.jpg\"><img loading=\"lazy\" decoding=\"async\" class=\"aligncenter size-thumbnail wp-image-3928\" src=\"https:\/\/tubrica.com\/wp-content\/uploads\/2020\/09\/HPIM6905-220x120.jpg\" alt=\"HPIM6905\" width=\"220\" height=\"120\" \/><\/a><a href=\"https:\/\/tubrica.com\/wp-content\/uploads\/2014\/06\/HPIM6913.jpg\"><img loading=\"lazy\" decoding=\"async\" class=\"aligncenter size-thumbnail wp-image-3929\" src=\"https:\/\/tubrica.com\/wp-content\/uploads\/2020\/09\/HPIM6913-220x120.jpg\" alt=\"HPIM6913\" width=\"220\" height=\"120\" \/><\/a><a href=\"https:\/\/tubrica.com\/wp-content\/uploads\/2014\/06\/HPIM6929.jpg\"><img loading=\"lazy\" decoding=\"async\" class=\"aligncenter size-thumbnail wp-image-3930\" src=\"https:\/\/tubrica.com\/wp-content\/uploads\/2020\/09\/HPIM6929-220x120.jpg\" alt=\"HPIM6929\" width=\"220\" height=\"120\" \/><\/a><a href=\"https:\/\/tubrica.com\/wp-content\/uploads\/2014\/06\/HPIM6776.jpg\"><img loading=\"lazy\" decoding=\"async\" class=\"aligncenter size-thumbnail wp-image-3944\" src=\"https:\/\/tubrica.com\/wp-content\/uploads\/2020\/09\/HPIM6776-220x120.jpg\" alt=\"HPIM6776\" width=\"220\" height=\"120\" \/><\/a><a href=\"https:\/\/tubrica.com\/wp-content\/uploads\/2014\/06\/HPIM6777.jpg\"><img loading=\"lazy\" decoding=\"async\" class=\"aligncenter size-thumbnail wp-image-3945\" src=\"https:\/\/tubrica.com\/wp-content\/uploads\/2020\/09\/HPIM6777-220x120.jpg\" alt=\"HPIM6777\" width=\"220\" height=\"120\" \/><\/a><a href=\"https:\/\/tubrica.com\/wp-content\/uploads\/2014\/06\/HPIM6779.jpg\"><img loading=\"lazy\" decoding=\"async\" class=\"aligncenter size-thumbnail wp-image-3946\" src=\"https:\/\/tubrica.com\/wp-content\/uploads\/2020\/09\/HPIM6779-220x120.jpg\" alt=\"HPIM6779\" width=\"220\" height=\"120\" \/><\/a><a href=\"https:\/\/tubrica.com\/wp-content\/uploads\/2014\/06\/HPIM6787.jpg\"><img loading=\"lazy\" decoding=\"async\" class=\"aligncenter size-thumbnail wp-image-3947\" src=\"https:\/\/tubrica.com\/wp-content\/uploads\/2020\/09\/HPIM6787-220x120.jpg\" alt=\"HPIM6787\" width=\"220\" height=\"120\" \/><\/a><a href=\"https:\/\/tubrica.com\/wp-content\/uploads\/2014\/06\/HPIM6836.jpg\"><img loading=\"lazy\" decoding=\"async\" class=\"aligncenter size-thumbnail wp-image-3948\" src=\"https:\/\/tubrica.com\/wp-content\/uploads\/2020\/09\/HPIM6836-220x120.jpg\" alt=\"HPIM6836\" width=\"220\" height=\"120\" \/><\/a><a href=\"https:\/\/tubrica.com\/wp-content\/uploads\/2014\/06\/HPIM6841.jpg\"><img loading=\"lazy\" decoding=\"async\" class=\"aligncenter size-thumbnail wp-image-3949\" src=\"https:\/\/tubrica.com\/wp-content\/uploads\/2020\/09\/HPIM6841-220x120.jpg\" alt=\"HPIM6841\" width=\"220\" height=\"120\" \/><\/a><a href=\"https:\/\/tubrica.com\/wp-content\/uploads\/2014\/06\/HPIM6856.jpg\"><img loading=\"lazy\" decoding=\"async\" class=\"aligncenter size-thumbnail wp-image-3950\" src=\"https:\/\/tubrica.com\/wp-content\/uploads\/2020\/09\/HPIM6856-220x120.jpg\" alt=\"HPIM6856\" width=\"220\" height=\"120\" \/><\/a><a href=\"https:\/\/tubrica.com\/wp-content\/uploads\/2014\/06\/HPIM6838.jpg\"><img loading=\"lazy\" decoding=\"async\" class=\"aligncenter size-thumbnail wp-image-3952\" src=\"https:\/\/tubrica.com\/wp-content\/uploads\/2020\/09\/HPIM6838-220x120.jpg\" alt=\"HPIM6838\" width=\"220\" height=\"120\" \/><\/a><\/p>\n<p>&nbsp;<\/p>","protected":false},"excerpt":{"rendered":"<p>Con motivo a la celebraci\u00f3n de la 1era Semana del Ambiente TUBRICA, la Coordinaci\u00f3n de Gesti\u00f3n Ambiental, Recursos Humanos y la Unidad de Mercadeo, programaron una semana de actividades orientadas a capacitar y sensibilizar en materia ambiental, al personal de la empresa, a las esposas, madres e hijos de los trabajadores. Con un Taller de Manejo de Desechos y Reciclaje dirigido a los Trabajadores y facilitado por\u00a0 el Ministerio del Poder Popular para el Ambiente, se dio inicio a la conmemoraci\u00f3n en TUBRICA del D\u00eda Mundial del Ambiente. En sus palabras de apertura, Euclides Rodr\u00edguez, Coordinador de Gesti\u00f3n Ambiental, destac\u00f3 los avances que en poco tiempo esta empresa ha alcanzado en materia legislativa ambiental, buscando minimizar los impactos ambientales negativo que la actividad productiva pueda generar, siempre con miras a garantizar los derechos ambientales individuales y colectivos de los larenses. Posteriormente, la participaci\u00f3n fue para las esposas, madres, hijas de trabajadores y trabajadoras, quienes recibieron un Taller de Reciclaje de Papel, Papel Artesanal, y elaboraci\u00f3n de Manualidades con Papel artesanal facilitado por Profesoras Profesionales de la Escuela de Artes y Oficio Bol\u00edvar Tovar de Barquisimeto. En este Taller las asistentes lograron realizar objetos artesanales por medio del reciclaje de un residuo generado frecuentemente en nuestros hogares y oficinas. Los ni\u00f1os tambi\u00e9n son protagonistas en esta Semana del Ambiente TUBRICA. Durante cuatro d\u00edas, grupos de ni\u00f1os hijos de trabajadores asistieron al 1er Taller de Pintura Ambiental quienes motivados por video foros ambientales proyectados por personal del Ministerio del Poder Popular para el Ambiente, fueron sensibilizados sobre la conservaci\u00f3n del ambiente, y luego, de manos de un experto pintor regional, lograron plasmar su visi\u00f3n del ambiente sobre Papel Hilo usando la t\u00e9cnica de color y tiza pastel, para brindar a toda la colectividad un exposici\u00f3n de Pintura Ambiental las cuales se podr\u00e1n visualizar en las instalaciones del Comedor de TUBRICA hasta el Pr\u00f3ximo Viernes 13 de Junio. &nbsp; &nbsp;<\/p>","protected":false},"author":2,"featured_media":6490,"comment_status":"closed","ping_status":"open","sticky":false,"template":"","format":"standard","meta":{"_acf_changed":false,"_joinchat":[],"footnotes":""},"categories":[163],"tags":[],"acf":[],"yoast_head":"<!-- This site is optimized with the Yoast SEO plugin v24.0 - https:\/\/yoast.com\/wordpress\/plugins\/seo\/ -->\n<title>1era Semana del Ambiente TUBRICA - Tubrica<\/title>\n<meta name=\"robots\" content=\"index, follow, max-snippet:-1, max-image-preview:large, max-video-preview:-1\" \/>\n<link rel=\"canonical\" href=\"https:\/\/52.4.188.235\/1era-semana-del-ambiente-tubrica\/\" \/>\n<meta property=\"og:locale\" content=\"en_US\" \/>\n<meta property=\"og:type\" content=\"article\" \/>\n<meta property=\"og:title\" content=\"1era Semana del Ambiente TUBRICA - Tubrica\" \/>\n<meta property=\"og:description\" content=\"Con motivo a la celebraci\u00f3n de la 1era Semana del Ambiente TUBRICA, la Coordinaci\u00f3n de Gesti\u00f3n Ambiental, Recursos Humanos y la Unidad de Mercadeo, programaron una semana de actividades orientadas a capacitar y sensibilizar en materia ambiental, al personal de la empresa, a las esposas, madres e hijos de los trabajadores. Con un Taller de Manejo de Desechos y Reciclaje dirigido a los Trabajadores y facilitado por\u00a0 el Ministerio del Poder Popular para el Ambiente, se dio inicio a la conmemoraci\u00f3n en TUBRICA del D\u00eda Mundial del Ambiente. En sus palabras de apertura, Euclides Rodr\u00edguez, Coordinador de Gesti\u00f3n Ambiental, destac\u00f3 los avances que en poco tiempo esta empresa ha alcanzado en materia legislativa ambiental, buscando minimizar los impactos ambientales negativo que la actividad productiva pueda generar, siempre con miras a garantizar los derechos ambientales individuales y colectivos de los larenses. Posteriormente, la participaci\u00f3n fue para las esposas, madres, hijas de trabajadores y trabajadoras, quienes recibieron un Taller de Reciclaje de Papel, Papel Artesanal, y elaboraci\u00f3n de Manualidades con Papel artesanal facilitado por Profesoras Profesionales de la Escuela de Artes y Oficio Bol\u00edvar Tovar de Barquisimeto. En este Taller las asistentes lograron realizar objetos artesanales por medio del reciclaje de un residuo generado frecuentemente en nuestros hogares y oficinas. Los ni\u00f1os tambi\u00e9n son protagonistas en esta Semana del Ambiente TUBRICA. Durante cuatro d\u00edas, grupos de ni\u00f1os hijos de trabajadores asistieron al 1er Taller de Pintura Ambiental quienes motivados por video foros ambientales proyectados por personal del Ministerio del Poder Popular para el Ambiente, fueron sensibilizados sobre la conservaci\u00f3n del ambiente, y luego, de manos de un experto pintor regional, lograron plasmar su visi\u00f3n del ambiente sobre Papel Hilo usando la t\u00e9cnica de color y tiza pastel, para brindar a toda la colectividad un exposici\u00f3n de Pintura Ambiental las cuales se podr\u00e1n visualizar en las instalaciones del Comedor de TUBRICA hasta el Pr\u00f3ximo Viernes 13 de Junio. &nbsp; &nbsp;\" \/>\n<meta property=\"og:url\" content=\"https:\/\/52.4.188.235\/1era-semana-del-ambiente-tubrica\/\" \/>\n<meta property=\"og:site_name\" content=\"Tubrica\" \/>\n<meta property=\"article:published_time\" content=\"2014-06-17T08:19:21+00:00\" \/>\n<meta property=\"article:modified_time\" content=\"2023-10-23T16:27:13+00:00\" \/>\n<meta property=\"og:image\" content=\"https:\/\/52.4.188.235\/wp-content\/uploads\/2020\/09\/HPIM6838-220x120.jpg\" \/>\n\t<meta property=\"og:image:width\" content=\"220\" \/>\n\t<meta property=\"og:image:height\" content=\"120\" \/>\n\t<meta property=\"og:image:type\" content=\"image\/jpeg\" \/>\n<meta name=\"author\" content=\"Tubrica\" \/>\n<meta name=\"twitter:card\" content=\"summary_large_image\" \/>\n<meta name=\"twitter:label1\" content=\"Written by\" \/>\n\t<meta name=\"twitter:data1\" content=\"Tubrica\" \/>\n\t<meta name=\"twitter:label2\" content=\"Est. reading time\" \/>\n\t<meta name=\"twitter:data2\" content=\"6 minutes\" \/>\n<script type=\"application\/ld+json\" class=\"yoast-schema-graph\">{\"@context\":\"https:\/\/schema.org\",\"@graph\":[{\"@type\":\"Article\",\"@id\":\"https:\/\/52.4.188.235\/1era-semana-del-ambiente-tubrica\/#article\",\"isPartOf\":{\"@id\":\"https:\/\/52.4.188.235\/1era-semana-del-ambiente-tubrica\/\"},\"author\":{\"name\":\"Tubrica\",\"@id\":\"https:\/\/tubrica.com\/#\/schema\/person\/b78eb408189ac83661b8d66e8f4a4346\"},\"headline\":\"1era Semana del Ambiente TUBRICA\",\"datePublished\":\"2014-06-17T08:19:21+00:00\",\"dateModified\":\"2023-10-23T16:27:13+00:00\",\"mainEntityOfPage\":{\"@id\":\"https:\/\/52.4.188.235\/1era-semana-del-ambiente-tubrica\/\"},\"wordCount\":341,\"publisher\":{\"@id\":\"https:\/\/tubrica.com\/#organization\"},\"image\":{\"@id\":\"https:\/\/52.4.188.235\/1era-semana-del-ambiente-tubrica\/#primaryimage\"},\"thumbnailUrl\":\"https:\/\/tubrica.com\/wp-content\/uploads\/2020\/09\/HPIM6838-220x120.jpg\",\"articleSection\":[\"Noticias\"],\"inLanguage\":\"en-US\"},{\"@type\":\"WebPage\",\"@id\":\"https:\/\/52.4.188.235\/1era-semana-del-ambiente-tubrica\/\",\"url\":\"https:\/\/52.4.188.235\/1era-semana-del-ambiente-tubrica\/\",\"name\":\"1era Semana del Ambiente TUBRICA - Tubrica\",\"isPartOf\":{\"@id\":\"https:\/\/tubrica.com\/#website\"},\"primaryImageOfPage\":{\"@id\":\"https:\/\/52.4.188.235\/1era-semana-del-ambiente-tubrica\/#primaryimage\"},\"image\":{\"@id\":\"https:\/\/52.4.188.235\/1era-semana-del-ambiente-tubrica\/#primaryimage\"},\"thumbnailUrl\":\"https:\/\/tubrica.com\/wp-content\/uploads\/2020\/09\/HPIM6838-220x120.jpg\",\"datePublished\":\"2014-06-17T08:19:21+00:00\",\"dateModified\":\"2023-10-23T16:27:13+00:00\",\"breadcrumb\":{\"@id\":\"https:\/\/52.4.188.235\/1era-semana-del-ambiente-tubrica\/#breadcrumb\"},\"inLanguage\":\"en-US\",\"potentialAction\":[{\"@type\":\"ReadAction\",\"target\":[\"https:\/\/52.4.188.235\/1era-semana-del-ambiente-tubrica\/\"]}]},{\"@type\":\"ImageObject\",\"inLanguage\":\"en-US\",\"@id\":\"https:\/\/52.4.188.235\/1era-semana-del-ambiente-tubrica\/#primaryimage\",\"url\":\"https:\/\/tubrica.com\/wp-content\/uploads\/2020\/09\/HPIM6838-220x120.jpg\",\"contentUrl\":\"https:\/\/tubrica.com\/wp-content\/uploads\/2020\/09\/HPIM6838-220x120.jpg\",\"width\":220,\"height\":120},{\"@type\":\"BreadcrumbList\",\"@id\":\"https:\/\/52.4.188.235\/1era-semana-del-ambiente-tubrica\/#breadcrumb\",\"itemListElement\":[{\"@type\":\"ListItem\",\"position\":1,\"name\":\"Portada\",\"item\":\"https:\/\/tubrica.com\/\"},{\"@type\":\"ListItem\",\"position\":2,\"name\":\"1era Semana del Ambiente TUBRICA\"}]},{\"@type\":\"WebSite\",\"@id\":\"https:\/\/tubrica.com\/#website\",\"url\":\"https:\/\/tubrica.com\/\",\"name\":\"Tubrica\",\"description\":\"\",\"publisher\":{\"@id\":\"https:\/\/tubrica.com\/#organization\"},\"potentialAction\":[{\"@type\":\"SearchAction\",\"target\":{\"@type\":\"EntryPoint\",\"urlTemplate\":\"https:\/\/tubrica.com\/?s={search_term_string}\"},\"query-input\":{\"@type\":\"PropertyValueSpecification\",\"valueRequired\":true,\"valueName\":\"search_term_string\"}}],\"inLanguage\":\"en-US\"},{\"@type\":\"Organization\",\"@id\":\"https:\/\/tubrica.com\/#organization\",\"name\":\"Tubrica\",\"url\":\"https:\/\/tubrica.com\/\",\"logo\":{\"@type\":\"ImageObject\",\"inLanguage\":\"en-US\",\"@id\":\"https:\/\/tubrica.com\/#\/schema\/logo\/image\/\",\"url\":\"https:\/\/tubrica.com\/wp-content\/uploads\/2020\/04\/LOGO_TUBRICA_350x100.png\",\"contentUrl\":\"https:\/\/tubrica.com\/wp-content\/uploads\/2020\/04\/LOGO_TUBRICA_350x100.png\",\"width\":1459,\"height\":417,\"caption\":\"Tubrica\"},\"image\":{\"@id\":\"https:\/\/tubrica.com\/#\/schema\/logo\/image\/\"}},{\"@type\":\"Person\",\"@id\":\"https:\/\/tubrica.com\/#\/schema\/person\/b78eb408189ac83661b8d66e8f4a4346\",\"name\":\"Tubrica\",\"image\":{\"@type\":\"ImageObject\",\"inLanguage\":\"en-US\",\"@id\":\"https:\/\/tubrica.com\/#\/schema\/person\/image\/\",\"url\":\"https:\/\/secure.gravatar.com\/avatar\/d2f4acb381f732f9ef565884327a3c28?s=96&d=mm&r=g\",\"contentUrl\":\"https:\/\/secure.gravatar.com\/avatar\/d2f4acb381f732f9ef565884327a3c28?s=96&d=mm&r=g\",\"caption\":\"Tubrica\"},\"url\":\"https:\/\/tubrica.com\/en\/author\/angel\/\"}]}<\/script>\n<!-- \/ Yoast SEO plugin. -->","yoast_head_json":{"title":"1era Semana del Ambiente TUBRICA - Tubrica","robots":{"index":"index","follow":"follow","max-snippet":"max-snippet:-1","max-image-preview":"max-image-preview:large","max-video-preview":"max-video-preview:-1"},"canonical":"https:\/\/52.4.188.235\/1era-semana-del-ambiente-tubrica\/","og_locale":"en_US","og_type":"article","og_title":"1era Semana del Ambiente TUBRICA - Tubrica","og_description":"Con motivo a la celebraci\u00f3n de la 1era Semana del Ambiente TUBRICA, la Coordinaci\u00f3n de Gesti\u00f3n Ambiental, Recursos Humanos y la Unidad de Mercadeo, programaron una semana de actividades orientadas a capacitar y sensibilizar en materia ambiental, al personal de la empresa, a las esposas, madres e hijos de los trabajadores. Con un Taller de Manejo de Desechos y Reciclaje dirigido a los Trabajadores y facilitado por\u00a0 el Ministerio del Poder Popular para el Ambiente, se dio inicio a la conmemoraci\u00f3n en TUBRICA del D\u00eda Mundial del Ambiente. En sus palabras de apertura, Euclides Rodr\u00edguez, Coordinador de Gesti\u00f3n Ambiental, destac\u00f3 los avances que en poco tiempo esta empresa ha alcanzado en materia legislativa ambiental, buscando minimizar los impactos ambientales negativo que la actividad productiva pueda generar, siempre con miras a garantizar los derechos ambientales individuales y colectivos de los larenses. Posteriormente, la participaci\u00f3n fue para las esposas, madres, hijas de trabajadores y trabajadoras, quienes recibieron un Taller de Reciclaje de Papel, Papel Artesanal, y elaboraci\u00f3n de Manualidades con Papel artesanal facilitado por Profesoras Profesionales de la Escuela de Artes y Oficio Bol\u00edvar Tovar de Barquisimeto. En este Taller las asistentes lograron realizar objetos artesanales por medio del reciclaje de un residuo generado frecuentemente en nuestros hogares y oficinas. Los ni\u00f1os tambi\u00e9n son protagonistas en esta Semana del Ambiente TUBRICA. Durante cuatro d\u00edas, grupos de ni\u00f1os hijos de trabajadores asistieron al 1er Taller de Pintura Ambiental quienes motivados por video foros ambientales proyectados por personal del Ministerio del Poder Popular para el Ambiente, fueron sensibilizados sobre la conservaci\u00f3n del ambiente, y luego, de manos de un experto pintor regional, lograron plasmar su visi\u00f3n del ambiente sobre Papel Hilo usando la t\u00e9cnica de color y tiza pastel, para brindar a toda la colectividad un exposici\u00f3n de Pintura Ambiental las cuales se podr\u00e1n visualizar en las instalaciones del Comedor de TUBRICA hasta el Pr\u00f3ximo Viernes 13 de Junio. &nbsp; &nbsp;","og_url":"https:\/\/52.4.188.235\/1era-semana-del-ambiente-tubrica\/","og_site_name":"Tubrica","article_published_time":"2014-06-17T08:19:21+00:00","article_modified_time":"2023-10-23T16:27:13+00:00","og_image":[{"width":220,"height":120,"url":"https:\/\/52.4.188.235\/wp-content\/uploads\/2020\/09\/HPIM6838-220x120.jpg","type":"image\/jpeg"}],"author":"Tubrica","twitter_card":"summary_large_image","twitter_misc":{"Written by":"Tubrica","Est. reading time":"6 minutes"},"schema":{"@context":"https:\/\/schema.org","@graph":[{"@type":"Article","@id":"https:\/\/52.4.188.235\/1era-semana-del-ambiente-tubrica\/#article","isPartOf":{"@id":"https:\/\/52.4.188.235\/1era-semana-del-ambiente-tubrica\/"},"author":{"name":"Tubrica","@id":"https:\/\/tubrica.com\/#\/schema\/person\/b78eb408189ac83661b8d66e8f4a4346"},"headline":"1era Semana del Ambiente TUBRICA","datePublished":"2014-06-17T08:19:21+00:00","dateModified":"2023-10-23T16:27:13+00:00","mainEntityOfPage":{"@id":"https:\/\/52.4.188.235\/1era-semana-del-ambiente-tubrica\/"},"wordCount":341,"publisher":{"@id":"https:\/\/tubrica.com\/#organization"},"image":{"@id":"https:\/\/52.4.188.235\/1era-semana-del-ambiente-tubrica\/#primaryimage"},"thumbnailUrl":"https:\/\/tubrica.com\/wp-content\/uploads\/2020\/09\/HPIM6838-220x120.jpg","articleSection":["Noticias"],"inLanguage":"en-US"},{"@type":"WebPage","@id":"https:\/\/52.4.188.235\/1era-semana-del-ambiente-tubrica\/","url":"https:\/\/52.4.188.235\/1era-semana-del-ambiente-tubrica\/","name":"1era Semana del Ambiente TUBRICA - Tubrica","isPartOf":{"@id":"https:\/\/tubrica.com\/#website"},"primaryImageOfPage":{"@id":"https:\/\/52.4.188.235\/1era-semana-del-ambiente-tubrica\/#primaryimage"},"image":{"@id":"https:\/\/52.4.188.235\/1era-semana-del-ambiente-tubrica\/#primaryimage"},"thumbnailUrl":"https:\/\/tubrica.com\/wp-content\/uploads\/2020\/09\/HPIM6838-220x120.jpg","datePublished":"2014-06-17T08:19:21+00:00","dateModified":"2023-10-23T16:27:13+00:00","breadcrumb":{"@id":"https:\/\/52.4.188.235\/1era-semana-del-ambiente-tubrica\/#breadcrumb"},"inLanguage":"en-US","potentialAction":[{"@type":"ReadAction","target":["https:\/\/52.4.188.235\/1era-semana-del-ambiente-tubrica\/"]}]},{"@type":"ImageObject","inLanguage":"en-US","@id":"https:\/\/52.4.188.235\/1era-semana-del-ambiente-tubrica\/#primaryimage","url":"https:\/\/tubrica.com\/wp-content\/uploads\/2020\/09\/HPIM6838-220x120.jpg","contentUrl":"https:\/\/tubrica.com\/wp-content\/uploads\/2020\/09\/HPIM6838-220x120.jpg","width":220,"height":120},{"@type":"BreadcrumbList","@id":"https:\/\/52.4.188.235\/1era-semana-del-ambiente-tubrica\/#breadcrumb","itemListElement":[{"@type":"ListItem","position":1,"name":"Portada","item":"https:\/\/tubrica.com\/"},{"@type":"ListItem","position":2,"name":"1era Semana del Ambiente TUBRICA"}]},{"@type":"WebSite","@id":"https:\/\/tubrica.com\/#website","url":"https:\/\/tubrica.com\/","name":"Tubrica","description":"","publisher":{"@id":"https:\/\/tubrica.com\/#organization"},"potentialAction":[{"@type":"SearchAction","target":{"@type":"EntryPoint","urlTemplate":"https:\/\/tubrica.com\/?s={search_term_string}"},"query-input":{"@type":"PropertyValueSpecification","valueRequired":true,"valueName":"search_term_string"}}],"inLanguage":"en-US"},{"@type":"Organization","@id":"https:\/\/tubrica.com\/#organization","name":"Tubrica","url":"https:\/\/tubrica.com\/","logo":{"@type":"ImageObject","inLanguage":"en-US","@id":"https:\/\/tubrica.com\/#\/schema\/logo\/image\/","url":"https:\/\/tubrica.com\/wp-content\/uploads\/2020\/04\/LOGO_TUBRICA_350x100.png","contentUrl":"https:\/\/tubrica.com\/wp-content\/uploads\/2020\/04\/LOGO_TUBRICA_350x100.png","width":1459,"height":417,"caption":"Tubrica"},"image":{"@id":"https:\/\/tubrica.com\/#\/schema\/logo\/image\/"}},{"@type":"Person","@id":"https:\/\/tubrica.com\/#\/schema\/person\/b78eb408189ac83661b8d66e8f4a4346","name":"Tubrica","image":{"@type":"ImageObject","inLanguage":"en-US","@id":"https:\/\/tubrica.com\/#\/schema\/person\/image\/","url":"https:\/\/secure.gravatar.com\/avatar\/d2f4acb381f732f9ef565884327a3c28?s=96&d=mm&r=g","contentUrl":"https:\/\/secure.gravatar.com\/avatar\/d2f4acb381f732f9ef565884327a3c28?s=96&d=mm&r=g","caption":"Tubrica"},"url":"https:\/\/tubrica.com\/en\/author\/angel\/"}]}},"_links":{"self":[{"href":"https:\/\/tubrica.com\/en\/wp-json\/wp\/v2\/posts\/3915"}],"collection":[{"href":"https:\/\/tubrica.com\/en\/wp-json\/wp\/v2\/posts"}],"about":[{"href":"https:\/\/tubrica.com\/en\/wp-json\/wp\/v2\/types\/post"}],"author":[{"embeddable":true,"href":"https:\/\/tubrica.com\/en\/wp-json\/wp\/v2\/users\/2"}],"replies":[{"embeddable":true,"href":"https:\/\/tubrica.com\/en\/wp-json\/wp\/v2\/comments?post=3915"}],"version-history":[{"count":0,"href":"https:\/\/tubrica.com\/en\/wp-json\/wp\/v2\/posts\/3915\/revisions"}],"wp:featuredmedia":[{"embeddable":true,"href":"https:\/\/tubrica.com\/en\/wp-json\/wp\/v2\/media\/6490"}],"wp:attachment":[{"href":"https:\/\/tubrica.com\/en\/wp-json\/wp\/v2\/media?parent=3915"}],"wp:term":[{"taxonomy":"category","embeddable":true,"href":"https:\/\/tubrica.com\/en\/wp-json\/wp\/v2\/categories?post=3915"},{"taxonomy":"post_tag","embeddable":true,"href":"https:\/\/tubrica.com\/en\/wp-json\/wp\/v2\/tags?post=3915"}],"curies":[{"name":"wp","href":"https:\/\/api.w.org\/{rel}","templated":true}]}}