{"id":3933,"date":"2014-06-17T07:57:57","date_gmt":"2014-06-17T12:27:57","guid":{"rendered":"http:\/\/www.tubrica.com\/?p=3933"},"modified":"2023-10-23T16:26:00","modified_gmt":"2023-10-23T16:26:00","slug":"la-segunda-fase-de-asistencia-tecnica-del-programa-integral-para-el-desarrollo-lechero-pidel","status":"publish","type":"post","link":"https:\/\/tubrica.com\/en\/la-segunda-fase-de-asistencia-tecnica-del-programa-integral-para-el-desarrollo-lechero-pidel\/","title":{"rendered":"la segunda fase de Asistencia T\u00e9cnica del Programa Integral para el Desarrollo Lechero (PIDEL)"},"content":{"rendered":"<p style=\"text-align: justify;\">El pasado S\u00e1bado 14 de Junio TUBRICA estuvo presente \u00a0en la segunda fase de Asistencia T\u00e9cnica del Programa Integral para el Desarrollo Lechero (PIDEL), se realiz\u00f3 un encuentro en la sede de Nadbio ubicada en el sector La Ensenada del municipio Pe\u00f1a, que reuni\u00f3 2 mil productores de los estados, Lara, Zulia, T\u00e1chira, Falc\u00f3n, Gu\u00e1rico, Barinas, Apure, Cojedes, Portuguesa, Trujillo y Yaracuy, iniciativa que ejecut\u00f3 el Ministerio del Poder Popular para la Agricultura y Tierras. La actividad con los productores lecheros, cont\u00f3 con la presencia del Vicepresidente de la Rep\u00fablica, Jorge Arreaza, el Ministro del Poder Popular para la Agricultura y Tierras, Iv\u00e1n Gil.<\/p>\n<p style=\"text-align: justify;\">Una vez mas TUBRICA ratifica su compromiso, Juntos Construimos Juntos llegamos lejos!<\/p>\n<p style=\"text-align: justify;\"><a href=\"https:\/\/tubrica.com\/wp-content\/uploads\/2014\/06\/2.png\"><img decoding=\"async\" class=\"aligncenter size-thumbnail wp-image-3934\" src=\"https:\/\/tubrica.com\/wp-content\/uploads\/2020\/09\/2-220x120.png\" alt=\"2\" width=\"220\" height=\"120\" \/><\/a><a href=\"https:\/\/tubrica.com\/wp-content\/uploads\/2014\/06\/3.png\"><img decoding=\"async\" class=\"aligncenter size-thumbnail wp-image-3935\" src=\"https:\/\/tubrica.com\/wp-content\/uploads\/2020\/09\/3-220x120.png\" alt=\"3\" width=\"220\" height=\"120\" \/><\/a><a href=\"https:\/\/tubrica.com\/wp-content\/uploads\/2014\/06\/1.png\"><img decoding=\"async\" class=\"aligncenter size-thumbnail wp-image-3936\" src=\"https:\/\/tubrica.com\/wp-content\/uploads\/2020\/09\/1-220x120.png\" alt=\"1\" width=\"220\" height=\"120\" \/><\/a><a href=\"https:\/\/tubrica.com\/wp-content\/uploads\/2014\/06\/20140614_113052.jpg\"><img loading=\"lazy\" decoding=\"async\" class=\"aligncenter size-thumbnail wp-image-3937\" src=\"https:\/\/tubrica.com\/wp-content\/uploads\/2020\/09\/20140614_113052-220x120.jpg\" alt=\"20140614_113052\" width=\"220\" height=\"120\" \/><\/a><a href=\"https:\/\/tubrica.com\/wp-content\/uploads\/2014\/06\/3.jpg\"><img loading=\"lazy\" decoding=\"async\" class=\"aligncenter size-thumbnail wp-image-3939\" src=\"https:\/\/tubrica.com\/wp-content\/uploads\/2014\/06\/3-220x120.jpg\" alt=\"3\" width=\"220\" height=\"120\" \/><\/a><\/p>","protected":false},"excerpt":{"rendered":"<p>El pasado S\u00e1bado 14 de Junio TUBRICA estuvo presente \u00a0en la segunda fase de Asistencia T\u00e9cnica del Programa Integral para el Desarrollo Lechero (PIDEL), se realiz\u00f3 un encuentro en la sede de Nadbio ubicada en el sector La Ensenada del municipio Pe\u00f1a, que reuni\u00f3 2 mil productores de los estados, Lara, Zulia, T\u00e1chira, Falc\u00f3n, Gu\u00e1rico, Barinas, Apure, Cojedes, Portuguesa, Trujillo y Yaracuy, iniciativa que ejecut\u00f3 el Ministerio del Poder Popular para la Agricultura y Tierras. La actividad con los productores lecheros, cont\u00f3 con la presencia del Vicepresidente de la Rep\u00fablica, Jorge Arreaza, el Ministro del Poder Popular para la Agricultura y Tierras, Iv\u00e1n Gil. Una vez mas TUBRICA ratifica su compromiso, Juntos Construimos Juntos llegamos lejos!<\/p>","protected":false},"author":2,"featured_media":0,"comment_status":"closed","ping_status":"open","sticky":false,"template":"","format":"standard","meta":{"_acf_changed":false,"_joinchat":[],"footnotes":""},"categories":[163],"tags":[],"acf":[],"yoast_head":"<!-- This site is optimized with the Yoast SEO plugin v24.0 - https:\/\/yoast.com\/wordpress\/plugins\/seo\/ -->\n<title>la segunda fase de Asistencia T\u00e9cnica del Programa Integral para el Desarrollo Lechero (PIDEL) - Tubrica<\/title>\n<meta name=\"robots\" content=\"index, follow, max-snippet:-1, max-image-preview:large, max-video-preview:-1\" \/>\n<link rel=\"canonical\" href=\"https:\/\/tubrica.com\/en\/la-segunda-fase-de-asistencia-tecnica-del-programa-integral-para-el-desarrollo-lechero-pidel\/\" \/>\n<meta property=\"og:locale\" content=\"en_US\" \/>\n<meta property=\"og:type\" content=\"article\" \/>\n<meta property=\"og:title\" content=\"la segunda fase de Asistencia T\u00e9cnica del Programa Integral para el Desarrollo Lechero (PIDEL) - Tubrica\" \/>\n<meta property=\"og:description\" content=\"El pasado S\u00e1bado 14 de Junio TUBRICA estuvo presente \u00a0en la segunda fase de Asistencia T\u00e9cnica del Programa Integral para el Desarrollo Lechero (PIDEL), se realiz\u00f3 un encuentro en la sede de Nadbio ubicada en el sector La Ensenada del municipio Pe\u00f1a, que reuni\u00f3 2 mil productores de los estados, Lara, Zulia, T\u00e1chira, Falc\u00f3n, Gu\u00e1rico, Barinas, Apure, Cojedes, Portuguesa, Trujillo y Yaracuy, iniciativa que ejecut\u00f3 el Ministerio del Poder Popular para la Agricultura y Tierras. La actividad con los productores lecheros, cont\u00f3 con la presencia del Vicepresidente de la Rep\u00fablica, Jorge Arreaza, el Ministro del Poder Popular para la Agricultura y Tierras, Iv\u00e1n Gil. Una vez mas TUBRICA ratifica su compromiso, Juntos Construimos Juntos llegamos lejos!\" \/>\n<meta property=\"og:url\" content=\"https:\/\/tubrica.com\/en\/la-segunda-fase-de-asistencia-tecnica-del-programa-integral-para-el-desarrollo-lechero-pidel\/\" \/>\n<meta property=\"og:site_name\" content=\"Tubrica\" \/>\n<meta property=\"article:published_time\" content=\"2014-06-17T12:27:57+00:00\" \/>\n<meta property=\"article:modified_time\" content=\"2023-10-23T16:26:00+00:00\" \/>\n<meta property=\"og:image\" content=\"https:\/\/tubrica.com\/wp-content\/uploads\/2020\/09\/2-220x120.png\" \/>\n<meta name=\"author\" content=\"Tubrica\" \/>\n<meta name=\"twitter:card\" content=\"summary_large_image\" \/>\n<meta name=\"twitter:label1\" content=\"Written by\" \/>\n\t<meta name=\"twitter:data1\" content=\"Tubrica\" \/>\n\t<meta name=\"twitter:label2\" content=\"Est. reading time\" \/>\n\t<meta name=\"twitter:data2\" content=\"2 minutes\" \/>\n<script type=\"application\/ld+json\" class=\"yoast-schema-graph\">{\"@context\":\"https:\/\/schema.org\",\"@graph\":[{\"@type\":\"Article\",\"@id\":\"https:\/\/tubrica.com\/la-segunda-fase-de-asistencia-tecnica-del-programa-integral-para-el-desarrollo-lechero-pidel\/#article\",\"isPartOf\":{\"@id\":\"https:\/\/tubrica.com\/la-segunda-fase-de-asistencia-tecnica-del-programa-integral-para-el-desarrollo-lechero-pidel\/\"},\"author\":{\"name\":\"Tubrica\",\"@id\":\"https:\/\/tubrica.com\/#\/schema\/person\/b78eb408189ac83661b8d66e8f4a4346\"},\"headline\":\"la segunda fase de Asistencia T\u00e9cnica del Programa Integral para el Desarrollo Lechero (PIDEL)\",\"datePublished\":\"2014-06-17T12:27:57+00:00\",\"dateModified\":\"2023-10-23T16:26:00+00:00\",\"mainEntityOfPage\":{\"@id\":\"https:\/\/tubrica.com\/la-segunda-fase-de-asistencia-tecnica-del-programa-integral-para-el-desarrollo-lechero-pidel\/\"},\"wordCount\":137,\"publisher\":{\"@id\":\"https:\/\/tubrica.com\/#organization\"},\"image\":{\"@id\":\"https:\/\/tubrica.com\/la-segunda-fase-de-asistencia-tecnica-del-programa-integral-para-el-desarrollo-lechero-pidel\/#primaryimage\"},\"thumbnailUrl\":\"https:\/\/tubrica.com\/wp-content\/uploads\/2020\/09\/2-220x120.png\",\"articleSection\":[\"Noticias\"],\"inLanguage\":\"en-US\"},{\"@type\":\"WebPage\",\"@id\":\"https:\/\/tubrica.com\/la-segunda-fase-de-asistencia-tecnica-del-programa-integral-para-el-desarrollo-lechero-pidel\/\",\"url\":\"https:\/\/tubrica.com\/la-segunda-fase-de-asistencia-tecnica-del-programa-integral-para-el-desarrollo-lechero-pidel\/\",\"name\":\"la segunda fase de Asistencia T\u00e9cnica del Programa Integral para el Desarrollo Lechero (PIDEL) - Tubrica\",\"isPartOf\":{\"@id\":\"https:\/\/tubrica.com\/#website\"},\"primaryImageOfPage\":{\"@id\":\"https:\/\/tubrica.com\/la-segunda-fase-de-asistencia-tecnica-del-programa-integral-para-el-desarrollo-lechero-pidel\/#primaryimage\"},\"image\":{\"@id\":\"https:\/\/tubrica.com\/la-segunda-fase-de-asistencia-tecnica-del-programa-integral-para-el-desarrollo-lechero-pidel\/#primaryimage\"},\"thumbnailUrl\":\"https:\/\/tubrica.com\/wp-content\/uploads\/2020\/09\/2-220x120.png\",\"datePublished\":\"2014-06-17T12:27:57+00:00\",\"dateModified\":\"2023-10-23T16:26:00+00:00\",\"breadcrumb\":{\"@id\":\"https:\/\/tubrica.com\/la-segunda-fase-de-asistencia-tecnica-del-programa-integral-para-el-desarrollo-lechero-pidel\/#breadcrumb\"},\"inLanguage\":\"en-US\",\"potentialAction\":[{\"@type\":\"ReadAction\",\"target\":[\"https:\/\/tubrica.com\/la-segunda-fase-de-asistencia-tecnica-del-programa-integral-para-el-desarrollo-lechero-pidel\/\"]}]},{\"@type\":\"ImageObject\",\"inLanguage\":\"en-US\",\"@id\":\"https:\/\/tubrica.com\/la-segunda-fase-de-asistencia-tecnica-del-programa-integral-para-el-desarrollo-lechero-pidel\/#primaryimage\",\"url\":\"https:\/\/tubrica.com\/wp-content\/uploads\/2020\/09\/2-220x120.png\",\"contentUrl\":\"https:\/\/tubrica.com\/wp-content\/uploads\/2020\/09\/2-220x120.png\"},{\"@type\":\"BreadcrumbList\",\"@id\":\"https:\/\/tubrica.com\/la-segunda-fase-de-asistencia-tecnica-del-programa-integral-para-el-desarrollo-lechero-pidel\/#breadcrumb\",\"itemListElement\":[{\"@type\":\"ListItem\",\"position\":1,\"name\":\"Portada\",\"item\":\"https:\/\/tubrica.com\/\"},{\"@type\":\"ListItem\",\"position\":2,\"name\":\"la segunda fase de Asistencia T\u00e9cnica del Programa Integral para el Desarrollo Lechero (PIDEL)\"}]},{\"@type\":\"WebSite\",\"@id\":\"https:\/\/tubrica.com\/#website\",\"url\":\"https:\/\/tubrica.com\/\",\"name\":\"Tubrica\",\"description\":\"\",\"publisher\":{\"@id\":\"https:\/\/tubrica.com\/#organization\"},\"potentialAction\":[{\"@type\":\"SearchAction\",\"target\":{\"@type\":\"EntryPoint\",\"urlTemplate\":\"https:\/\/tubrica.com\/?s={search_term_string}\"},\"query-input\":{\"@type\":\"PropertyValueSpecification\",\"valueRequired\":true,\"valueName\":\"search_term_string\"}}],\"inLanguage\":\"en-US\"},{\"@type\":\"Organization\",\"@id\":\"https:\/\/tubrica.com\/#organization\",\"name\":\"Tubrica\",\"url\":\"https:\/\/tubrica.com\/\",\"logo\":{\"@type\":\"ImageObject\",\"inLanguage\":\"en-US\",\"@id\":\"https:\/\/tubrica.com\/#\/schema\/logo\/image\/\",\"url\":\"https:\/\/tubrica.com\/wp-content\/uploads\/2020\/04\/LOGO_TUBRICA_350x100.png\",\"contentUrl\":\"https:\/\/tubrica.com\/wp-content\/uploads\/2020\/04\/LOGO_TUBRICA_350x100.png\",\"width\":1459,\"height\":417,\"caption\":\"Tubrica\"},\"image\":{\"@id\":\"https:\/\/tubrica.com\/#\/schema\/logo\/image\/\"}},{\"@type\":\"Person\",\"@id\":\"https:\/\/tubrica.com\/#\/schema\/person\/b78eb408189ac83661b8d66e8f4a4346\",\"name\":\"Tubrica\",\"image\":{\"@type\":\"ImageObject\",\"inLanguage\":\"en-US\",\"@id\":\"https:\/\/tubrica.com\/#\/schema\/person\/image\/\",\"url\":\"https:\/\/secure.gravatar.com\/avatar\/d2f4acb381f732f9ef565884327a3c28?s=96&d=mm&r=g\",\"contentUrl\":\"https:\/\/secure.gravatar.com\/avatar\/d2f4acb381f732f9ef565884327a3c28?s=96&d=mm&r=g\",\"caption\":\"Tubrica\"},\"url\":\"https:\/\/tubrica.com\/en\/author\/angel\/\"}]}<\/script>\n<!-- \/ Yoast SEO plugin. -->","yoast_head_json":{"title":"la segunda fase de Asistencia T\u00e9cnica del Programa Integral para el Desarrollo Lechero (PIDEL) - Tubrica","robots":{"index":"index","follow":"follow","max-snippet":"max-snippet:-1","max-image-preview":"max-image-preview:large","max-video-preview":"max-video-preview:-1"},"canonical":"https:\/\/tubrica.com\/en\/la-segunda-fase-de-asistencia-tecnica-del-programa-integral-para-el-desarrollo-lechero-pidel\/","og_locale":"en_US","og_type":"article","og_title":"la segunda fase de Asistencia T\u00e9cnica del Programa Integral para el Desarrollo Lechero (PIDEL) - Tubrica","og_description":"El pasado S\u00e1bado 14 de Junio TUBRICA estuvo presente \u00a0en la segunda fase de Asistencia T\u00e9cnica del Programa Integral para el Desarrollo Lechero (PIDEL), se realiz\u00f3 un encuentro en la sede de Nadbio ubicada en el sector La Ensenada del municipio Pe\u00f1a, que reuni\u00f3 2 mil productores de los estados, Lara, Zulia, T\u00e1chira, Falc\u00f3n, Gu\u00e1rico, Barinas, Apure, Cojedes, Portuguesa, Trujillo y Yaracuy, iniciativa que ejecut\u00f3 el Ministerio del Poder Popular para la Agricultura y Tierras. La actividad con los productores lecheros, cont\u00f3 con la presencia del Vicepresidente de la Rep\u00fablica, Jorge Arreaza, el Ministro del Poder Popular para la Agricultura y Tierras, Iv\u00e1n Gil. Una vez mas TUBRICA ratifica su compromiso, Juntos Construimos Juntos llegamos lejos!","og_url":"https:\/\/tubrica.com\/en\/la-segunda-fase-de-asistencia-tecnica-del-programa-integral-para-el-desarrollo-lechero-pidel\/","og_site_name":"Tubrica","article_published_time":"2014-06-17T12:27:57+00:00","article_modified_time":"2023-10-23T16:26:00+00:00","og_image":[{"url":"https:\/\/tubrica.com\/wp-content\/uploads\/2020\/09\/2-220x120.png","type":"","width":"","height":""}],"author":"Tubrica","twitter_card":"summary_large_image","twitter_misc":{"Written by":"Tubrica","Est. reading time":"2 minutes"},"schema":{"@context":"https:\/\/schema.org","@graph":[{"@type":"Article","@id":"https:\/\/tubrica.com\/la-segunda-fase-de-asistencia-tecnica-del-programa-integral-para-el-desarrollo-lechero-pidel\/#article","isPartOf":{"@id":"https:\/\/tubrica.com\/la-segunda-fase-de-asistencia-tecnica-del-programa-integral-para-el-desarrollo-lechero-pidel\/"},"author":{"name":"Tubrica","@id":"https:\/\/tubrica.com\/#\/schema\/person\/b78eb408189ac83661b8d66e8f4a4346"},"headline":"la segunda fase de Asistencia T\u00e9cnica del Programa Integral para el Desarrollo Lechero (PIDEL)","datePublished":"2014-06-17T12:27:57+00:00","dateModified":"2023-10-23T16:26:00+00:00","mainEntityOfPage":{"@id":"https:\/\/tubrica.com\/la-segunda-fase-de-asistencia-tecnica-del-programa-integral-para-el-desarrollo-lechero-pidel\/"},"wordCount":137,"publisher":{"@id":"https:\/\/tubrica.com\/#organization"},"image":{"@id":"https:\/\/tubrica.com\/la-segunda-fase-de-asistencia-tecnica-del-programa-integral-para-el-desarrollo-lechero-pidel\/#primaryimage"},"thumbnailUrl":"https:\/\/tubrica.com\/wp-content\/uploads\/2020\/09\/2-220x120.png","articleSection":["Noticias"],"inLanguage":"en-US"},{"@type":"WebPage","@id":"https:\/\/tubrica.com\/la-segunda-fase-de-asistencia-tecnica-del-programa-integral-para-el-desarrollo-lechero-pidel\/","url":"https:\/\/tubrica.com\/la-segunda-fase-de-asistencia-tecnica-del-programa-integral-para-el-desarrollo-lechero-pidel\/","name":"la segunda fase de Asistencia T\u00e9cnica del Programa Integral para el Desarrollo Lechero (PIDEL) - Tubrica","isPartOf":{"@id":"https:\/\/tubrica.com\/#website"},"primaryImageOfPage":{"@id":"https:\/\/tubrica.com\/la-segunda-fase-de-asistencia-tecnica-del-programa-integral-para-el-desarrollo-lechero-pidel\/#primaryimage"},"image":{"@id":"https:\/\/tubrica.com\/la-segunda-fase-de-asistencia-tecnica-del-programa-integral-para-el-desarrollo-lechero-pidel\/#primaryimage"},"thumbnailUrl":"https:\/\/tubrica.com\/wp-content\/uploads\/2020\/09\/2-220x120.png","datePublished":"2014-06-17T12:27:57+00:00","dateModified":"2023-10-23T16:26:00+00:00","breadcrumb":{"@id":"https:\/\/tubrica.com\/la-segunda-fase-de-asistencia-tecnica-del-programa-integral-para-el-desarrollo-lechero-pidel\/#breadcrumb"},"inLanguage":"en-US","potentialAction":[{"@type":"ReadAction","target":["https:\/\/tubrica.com\/la-segunda-fase-de-asistencia-tecnica-del-programa-integral-para-el-desarrollo-lechero-pidel\/"]}]},{"@type":"ImageObject","inLanguage":"en-US","@id":"https:\/\/tubrica.com\/la-segunda-fase-de-asistencia-tecnica-del-programa-integral-para-el-desarrollo-lechero-pidel\/#primaryimage","url":"https:\/\/tubrica.com\/wp-content\/uploads\/2020\/09\/2-220x120.png","contentUrl":"https:\/\/tubrica.com\/wp-content\/uploads\/2020\/09\/2-220x120.png"},{"@type":"BreadcrumbList","@id":"https:\/\/tubrica.com\/la-segunda-fase-de-asistencia-tecnica-del-programa-integral-para-el-desarrollo-lechero-pidel\/#breadcrumb","itemListElement":[{"@type":"ListItem","position":1,"name":"Portada","item":"https:\/\/tubrica.com\/"},{"@type":"ListItem","position":2,"name":"la segunda fase de Asistencia T\u00e9cnica del Programa Integral para el Desarrollo Lechero (PIDEL)"}]},{"@type":"WebSite","@id":"https:\/\/tubrica.com\/#website","url":"https:\/\/tubrica.com\/","name":"Tubrica","description":"","publisher":{"@id":"https:\/\/tubrica.com\/#organization"},"potentialAction":[{"@type":"SearchAction","target":{"@type":"EntryPoint","urlTemplate":"https:\/\/tubrica.com\/?s={search_term_string}"},"query-input":{"@type":"PropertyValueSpecification","valueRequired":true,"valueName":"search_term_string"}}],"inLanguage":"en-US"},{"@type":"Organization","@id":"https:\/\/tubrica.com\/#organization","name":"Tubrica","url":"https:\/\/tubrica.com\/","logo":{"@type":"ImageObject","inLanguage":"en-US","@id":"https:\/\/tubrica.com\/#\/schema\/logo\/image\/","url":"https:\/\/tubrica.com\/wp-content\/uploads\/2020\/04\/LOGO_TUBRICA_350x100.png","contentUrl":"https:\/\/tubrica.com\/wp-content\/uploads\/2020\/04\/LOGO_TUBRICA_350x100.png","width":1459,"height":417,"caption":"Tubrica"},"image":{"@id":"https:\/\/tubrica.com\/#\/schema\/logo\/image\/"}},{"@type":"Person","@id":"https:\/\/tubrica.com\/#\/schema\/person\/b78eb408189ac83661b8d66e8f4a4346","name":"Tubrica","image":{"@type":"ImageObject","inLanguage":"en-US","@id":"https:\/\/tubrica.com\/#\/schema\/person\/image\/","url":"https:\/\/secure.gravatar.com\/avatar\/d2f4acb381f732f9ef565884327a3c28?s=96&d=mm&r=g","contentUrl":"https:\/\/secure.gravatar.com\/avatar\/d2f4acb381f732f9ef565884327a3c28?s=96&d=mm&r=g","caption":"Tubrica"},"url":"https:\/\/tubrica.com\/en\/author\/angel\/"}]}},"_links":{"self":[{"href":"https:\/\/tubrica.com\/en\/wp-json\/wp\/v2\/posts\/3933"}],"collection":[{"href":"https:\/\/tubrica.com\/en\/wp-json\/wp\/v2\/posts"}],"about":[{"href":"https:\/\/tubrica.com\/en\/wp-json\/wp\/v2\/types\/post"}],"author":[{"embeddable":true,"href":"https:\/\/tubrica.com\/en\/wp-json\/wp\/v2\/users\/2"}],"replies":[{"embeddable":true,"href":"https:\/\/tubrica.com\/en\/wp-json\/wp\/v2\/comments?post=3933"}],"version-history":[{"count":0,"href":"https:\/\/tubrica.com\/en\/wp-json\/wp\/v2\/posts\/3933\/revisions"}],"wp:attachment":[{"href":"https:\/\/tubrica.com\/en\/wp-json\/wp\/v2\/media?parent=3933"}],"wp:term":[{"taxonomy":"category","embeddable":true,"href":"https:\/\/tubrica.com\/en\/wp-json\/wp\/v2\/categories?post=3933"},{"taxonomy":"post_tag","embeddable":true,"href":"https:\/\/tubrica.com\/en\/wp-json\/wp\/v2\/tags?post=3933"}],"curies":[{"name":"wp","href":"https:\/\/api.w.org\/{rel}","templated":true}]}}