{"id":3955,"date":"2014-06-18T03:14:43","date_gmt":"2014-06-18T07:44:43","guid":{"rendered":"http:\/\/www.tubrica.com\/?p=3955"},"modified":"2023-10-23T16:24:50","modified_gmt":"2023-10-23T16:24:50","slug":"charla-tecnica-al-personal-de-nuestro-aliado-comercia-exclusivas-electricas-oriente","status":"publish","type":"post","link":"https:\/\/tubrica.com\/en\/charla-tecnica-al-personal-de-nuestro-aliado-comercia-exclusivas-electricas-oriente\/","title":{"rendered":"Charla t\u00e9cnica al personal de nuestro aliado comercia EXCLUSIVAS EL\u00c9CTRICAS ORIENTE"},"content":{"rendered":"<div style=\"text-align: justify;\">Confirmando nuestro compromiso de apoyar a todos nuestros aliados comerciales a lo largo y ancho del territorio nacional, TUBRICA dicta dos charlas t\u00e9cnicas al personal del distribuidor EXCLUSIVAS EL\u00c9CTRICAS ORIENTE en la ciudad de Matur\u00edn, estado Monagas. En un participativo ambiente logramos refrescar los conocimientos adquiridos en actividades previas, destacando los productos recientemente incorporados a nuestra completa linea de edificaciones.<\/div>\n<div style=\"text-align: justify;\">De esta forma, TUBRICA ratifica con acciones concretas su constante b\u00fasqueda de la excelencia en todos sus productos y servicios, es por esto que JUNTOS CONSTRUIMOS, JUNTOS LLEGAMOS LEJOS.<\/div>\n<div style=\"text-align: justify;\"><\/div>\n<div style=\"text-align: justify;\"><a href=\"https:\/\/tubrica.com\/wp-content\/uploads\/2014\/06\/dsc_6435.jpg\"><img decoding=\"async\" class=\"aligncenter size-thumbnail wp-image-3956\" src=\"https:\/\/tubrica.com\/wp-content\/uploads\/2020\/09\/dsc_6435-220x120.jpg\" alt=\"dsc_6435\" width=\"220\" height=\"120\" \/><\/a><a href=\"https:\/\/tubrica.com\/wp-content\/uploads\/2014\/06\/dsc_6447.jpg\"><img decoding=\"async\" class=\"aligncenter size-thumbnail wp-image-3957\" src=\"https:\/\/tubrica.com\/wp-content\/uploads\/2020\/09\/dsc_6447-220x120.jpg\" alt=\"dsc_6447\" width=\"220\" height=\"120\" \/><\/a><a href=\"https:\/\/tubrica.com\/wp-content\/uploads\/2014\/06\/2.jpg\"><img decoding=\"async\" class=\"aligncenter size-thumbnail wp-image-3958\" src=\"https:\/\/tubrica.com\/wp-content\/uploads\/2014\/06\/2-220x120.jpg\" alt=\"2\" width=\"220\" height=\"120\" \/><\/a><a href=\"https:\/\/tubrica.com\/wp-content\/uploads\/2014\/06\/21.jpg\"><img loading=\"lazy\" decoding=\"async\" class=\"aligncenter size-thumbnail wp-image-3959\" src=\"https:\/\/tubrica.com\/wp-content\/uploads\/2020\/09\/21-220x120.jpg\" alt=\"2\" width=\"220\" height=\"120\" \/><\/a><\/div>","protected":false},"excerpt":{"rendered":"<p>Confirmando nuestro compromiso de apoyar a todos nuestros aliados comerciales a lo largo y ancho del territorio nacional, TUBRICA dicta dos charlas t\u00e9cnicas al personal del distribuidor EXCLUSIVAS EL\u00c9CTRICAS ORIENTE en la ciudad de Matur\u00edn, estado Monagas. En un participativo ambiente logramos refrescar los conocimientos adquiridos en actividades previas, destacando los productos recientemente incorporados a nuestra completa linea de edificaciones. De esta forma, TUBRICA ratifica con acciones concretas su constante b\u00fasqueda de la excelencia en todos sus productos y servicios, es por esto que JUNTOS CONSTRUIMOS, JUNTOS LLEGAMOS LEJOS.<\/p>","protected":false},"author":2,"featured_media":6465,"comment_status":"closed","ping_status":"open","sticky":false,"template":"","format":"standard","meta":{"_acf_changed":false,"_joinchat":[],"footnotes":""},"categories":[163],"tags":[],"acf":[],"yoast_head":"<!-- This site is optimized with the Yoast SEO plugin v24.0 - https:\/\/yoast.com\/wordpress\/plugins\/seo\/ -->\n<title>Charla t\u00e9cnica al personal de nuestro aliado comercia EXCLUSIVAS EL\u00c9CTRICAS ORIENTE - Tubrica<\/title>\n<meta name=\"robots\" content=\"index, follow, max-snippet:-1, max-image-preview:large, max-video-preview:-1\" \/>\n<link rel=\"canonical\" href=\"https:\/\/ec2-52-4-188-235.compute-1.amazonaws.com\/charla-tecnica-al-personal-de-nuestro-aliado-comercia-exclusivas-electricas-oriente\/\" \/>\n<meta property=\"og:locale\" content=\"en_US\" \/>\n<meta property=\"og:type\" content=\"article\" \/>\n<meta property=\"og:title\" content=\"Charla t\u00e9cnica al personal de nuestro aliado comercia EXCLUSIVAS EL\u00c9CTRICAS ORIENTE - Tubrica\" \/>\n<meta property=\"og:description\" content=\"Confirmando nuestro compromiso de apoyar a todos nuestros aliados comerciales a lo largo y ancho del territorio nacional, TUBRICA dicta dos charlas t\u00e9cnicas al personal del distribuidor EXCLUSIVAS EL\u00c9CTRICAS ORIENTE en la ciudad de Matur\u00edn, estado Monagas. En un participativo ambiente logramos refrescar los conocimientos adquiridos en actividades previas, destacando los productos recientemente incorporados a nuestra completa linea de edificaciones. De esta forma, TUBRICA ratifica con acciones concretas su constante b\u00fasqueda de la excelencia en todos sus productos y servicios, es por esto que JUNTOS CONSTRUIMOS, JUNTOS LLEGAMOS LEJOS.\" \/>\n<meta property=\"og:url\" content=\"https:\/\/ec2-52-4-188-235.compute-1.amazonaws.com\/charla-tecnica-al-personal-de-nuestro-aliado-comercia-exclusivas-electricas-oriente\/\" \/>\n<meta property=\"og:site_name\" content=\"Tubrica\" \/>\n<meta property=\"article:published_time\" content=\"2014-06-18T07:44:43+00:00\" \/>\n<meta property=\"article:modified_time\" content=\"2023-10-23T16:24:50+00:00\" \/>\n<meta property=\"og:image\" content=\"https:\/\/ec2-52-4-188-235.compute-1.amazonaws.com\/wp-content\/uploads\/2020\/09\/21-220x120.jpg\" \/>\n\t<meta property=\"og:image:width\" content=\"220\" \/>\n\t<meta property=\"og:image:height\" content=\"120\" \/>\n\t<meta property=\"og:image:type\" content=\"image\/jpeg\" \/>\n<meta name=\"author\" content=\"Tubrica\" \/>\n<meta name=\"twitter:card\" content=\"summary_large_image\" \/>\n<meta name=\"twitter:label1\" content=\"Written by\" \/>\n\t<meta name=\"twitter:data1\" content=\"Tubrica\" \/>\n\t<meta name=\"twitter:label2\" content=\"Est. reading time\" \/>\n\t<meta name=\"twitter:data2\" content=\"2 minutes\" \/>\n<script type=\"application\/ld+json\" class=\"yoast-schema-graph\">{\"@context\":\"https:\/\/schema.org\",\"@graph\":[{\"@type\":\"Article\",\"@id\":\"https:\/\/ec2-52-4-188-235.compute-1.amazonaws.com\/charla-tecnica-al-personal-de-nuestro-aliado-comercia-exclusivas-electricas-oriente\/#article\",\"isPartOf\":{\"@id\":\"https:\/\/ec2-52-4-188-235.compute-1.amazonaws.com\/charla-tecnica-al-personal-de-nuestro-aliado-comercia-exclusivas-electricas-oriente\/\"},\"author\":{\"name\":\"Tubrica\",\"@id\":\"https:\/\/tubrica.com\/#\/schema\/person\/b78eb408189ac83661b8d66e8f4a4346\"},\"headline\":\"Charla t\u00e9cnica al personal de nuestro aliado comercia EXCLUSIVAS EL\u00c9CTRICAS ORIENTE\",\"datePublished\":\"2014-06-18T07:44:43+00:00\",\"dateModified\":\"2023-10-23T16:24:50+00:00\",\"mainEntityOfPage\":{\"@id\":\"https:\/\/ec2-52-4-188-235.compute-1.amazonaws.com\/charla-tecnica-al-personal-de-nuestro-aliado-comercia-exclusivas-electricas-oriente\/\"},\"wordCount\":106,\"publisher\":{\"@id\":\"https:\/\/tubrica.com\/#organization\"},\"image\":{\"@id\":\"https:\/\/ec2-52-4-188-235.compute-1.amazonaws.com\/charla-tecnica-al-personal-de-nuestro-aliado-comercia-exclusivas-electricas-oriente\/#primaryimage\"},\"thumbnailUrl\":\"https:\/\/tubrica.com\/wp-content\/uploads\/2020\/09\/21-220x120.jpg\",\"articleSection\":[\"Noticias\"],\"inLanguage\":\"en-US\"},{\"@type\":\"WebPage\",\"@id\":\"https:\/\/ec2-52-4-188-235.compute-1.amazonaws.com\/charla-tecnica-al-personal-de-nuestro-aliado-comercia-exclusivas-electricas-oriente\/\",\"url\":\"https:\/\/ec2-52-4-188-235.compute-1.amazonaws.com\/charla-tecnica-al-personal-de-nuestro-aliado-comercia-exclusivas-electricas-oriente\/\",\"name\":\"Charla t\u00e9cnica al personal de nuestro aliado comercia EXCLUSIVAS EL\u00c9CTRICAS ORIENTE - Tubrica\",\"isPartOf\":{\"@id\":\"https:\/\/tubrica.com\/#website\"},\"primaryImageOfPage\":{\"@id\":\"https:\/\/ec2-52-4-188-235.compute-1.amazonaws.com\/charla-tecnica-al-personal-de-nuestro-aliado-comercia-exclusivas-electricas-oriente\/#primaryimage\"},\"image\":{\"@id\":\"https:\/\/ec2-52-4-188-235.compute-1.amazonaws.com\/charla-tecnica-al-personal-de-nuestro-aliado-comercia-exclusivas-electricas-oriente\/#primaryimage\"},\"thumbnailUrl\":\"https:\/\/tubrica.com\/wp-content\/uploads\/2020\/09\/21-220x120.jpg\",\"datePublished\":\"2014-06-18T07:44:43+00:00\",\"dateModified\":\"2023-10-23T16:24:50+00:00\",\"breadcrumb\":{\"@id\":\"https:\/\/ec2-52-4-188-235.compute-1.amazonaws.com\/charla-tecnica-al-personal-de-nuestro-aliado-comercia-exclusivas-electricas-oriente\/#breadcrumb\"},\"inLanguage\":\"en-US\",\"potentialAction\":[{\"@type\":\"ReadAction\",\"target\":[\"https:\/\/ec2-52-4-188-235.compute-1.amazonaws.com\/charla-tecnica-al-personal-de-nuestro-aliado-comercia-exclusivas-electricas-oriente\/\"]}]},{\"@type\":\"ImageObject\",\"inLanguage\":\"en-US\",\"@id\":\"https:\/\/ec2-52-4-188-235.compute-1.amazonaws.com\/charla-tecnica-al-personal-de-nuestro-aliado-comercia-exclusivas-electricas-oriente\/#primaryimage\",\"url\":\"https:\/\/tubrica.com\/wp-content\/uploads\/2020\/09\/21-220x120.jpg\",\"contentUrl\":\"https:\/\/tubrica.com\/wp-content\/uploads\/2020\/09\/21-220x120.jpg\",\"width\":220,\"height\":120},{\"@type\":\"BreadcrumbList\",\"@id\":\"https:\/\/ec2-52-4-188-235.compute-1.amazonaws.com\/charla-tecnica-al-personal-de-nuestro-aliado-comercia-exclusivas-electricas-oriente\/#breadcrumb\",\"itemListElement\":[{\"@type\":\"ListItem\",\"position\":1,\"name\":\"Portada\",\"item\":\"https:\/\/tubrica.com\/\"},{\"@type\":\"ListItem\",\"position\":2,\"name\":\"Charla t\u00e9cnica al personal de nuestro aliado comercia EXCLUSIVAS EL\u00c9CTRICAS ORIENTE\"}]},{\"@type\":\"WebSite\",\"@id\":\"https:\/\/tubrica.com\/#website\",\"url\":\"https:\/\/tubrica.com\/\",\"name\":\"Tubrica\",\"description\":\"\",\"publisher\":{\"@id\":\"https:\/\/tubrica.com\/#organization\"},\"potentialAction\":[{\"@type\":\"SearchAction\",\"target\":{\"@type\":\"EntryPoint\",\"urlTemplate\":\"https:\/\/tubrica.com\/?s={search_term_string}\"},\"query-input\":{\"@type\":\"PropertyValueSpecification\",\"valueRequired\":true,\"valueName\":\"search_term_string\"}}],\"inLanguage\":\"en-US\"},{\"@type\":\"Organization\",\"@id\":\"https:\/\/tubrica.com\/#organization\",\"name\":\"Tubrica\",\"url\":\"https:\/\/tubrica.com\/\",\"logo\":{\"@type\":\"ImageObject\",\"inLanguage\":\"en-US\",\"@id\":\"https:\/\/tubrica.com\/#\/schema\/logo\/image\/\",\"url\":\"https:\/\/tubrica.com\/wp-content\/uploads\/2020\/04\/LOGO_TUBRICA_350x100.png\",\"contentUrl\":\"https:\/\/tubrica.com\/wp-content\/uploads\/2020\/04\/LOGO_TUBRICA_350x100.png\",\"width\":1459,\"height\":417,\"caption\":\"Tubrica\"},\"image\":{\"@id\":\"https:\/\/tubrica.com\/#\/schema\/logo\/image\/\"}},{\"@type\":\"Person\",\"@id\":\"https:\/\/tubrica.com\/#\/schema\/person\/b78eb408189ac83661b8d66e8f4a4346\",\"name\":\"Tubrica\",\"image\":{\"@type\":\"ImageObject\",\"inLanguage\":\"en-US\",\"@id\":\"https:\/\/tubrica.com\/#\/schema\/person\/image\/\",\"url\":\"https:\/\/secure.gravatar.com\/avatar\/d2f4acb381f732f9ef565884327a3c28?s=96&d=mm&r=g\",\"contentUrl\":\"https:\/\/secure.gravatar.com\/avatar\/d2f4acb381f732f9ef565884327a3c28?s=96&d=mm&r=g\",\"caption\":\"Tubrica\"},\"url\":\"https:\/\/tubrica.com\/en\/author\/angel\/\"}]}<\/script>\n<!-- \/ Yoast SEO plugin. -->","yoast_head_json":{"title":"Charla t\u00e9cnica al personal de nuestro aliado comercia EXCLUSIVAS EL\u00c9CTRICAS ORIENTE - Tubrica","robots":{"index":"index","follow":"follow","max-snippet":"max-snippet:-1","max-image-preview":"max-image-preview:large","max-video-preview":"max-video-preview:-1"},"canonical":"https:\/\/ec2-52-4-188-235.compute-1.amazonaws.com\/charla-tecnica-al-personal-de-nuestro-aliado-comercia-exclusivas-electricas-oriente\/","og_locale":"en_US","og_type":"article","og_title":"Charla t\u00e9cnica al personal de nuestro aliado comercia EXCLUSIVAS EL\u00c9CTRICAS ORIENTE - Tubrica","og_description":"Confirmando nuestro compromiso de apoyar a todos nuestros aliados comerciales a lo largo y ancho del territorio nacional, TUBRICA dicta dos charlas t\u00e9cnicas al personal del distribuidor EXCLUSIVAS EL\u00c9CTRICAS ORIENTE en la ciudad de Matur\u00edn, estado Monagas. En un participativo ambiente logramos refrescar los conocimientos adquiridos en actividades previas, destacando los productos recientemente incorporados a nuestra completa linea de edificaciones. De esta forma, TUBRICA ratifica con acciones concretas su constante b\u00fasqueda de la excelencia en todos sus productos y servicios, es por esto que JUNTOS CONSTRUIMOS, JUNTOS LLEGAMOS LEJOS.","og_url":"https:\/\/ec2-52-4-188-235.compute-1.amazonaws.com\/charla-tecnica-al-personal-de-nuestro-aliado-comercia-exclusivas-electricas-oriente\/","og_site_name":"Tubrica","article_published_time":"2014-06-18T07:44:43+00:00","article_modified_time":"2023-10-23T16:24:50+00:00","og_image":[{"width":220,"height":120,"url":"https:\/\/ec2-52-4-188-235.compute-1.amazonaws.com\/wp-content\/uploads\/2020\/09\/21-220x120.jpg","type":"image\/jpeg"}],"author":"Tubrica","twitter_card":"summary_large_image","twitter_misc":{"Written by":"Tubrica","Est. reading time":"2 minutes"},"schema":{"@context":"https:\/\/schema.org","@graph":[{"@type":"Article","@id":"https:\/\/ec2-52-4-188-235.compute-1.amazonaws.com\/charla-tecnica-al-personal-de-nuestro-aliado-comercia-exclusivas-electricas-oriente\/#article","isPartOf":{"@id":"https:\/\/ec2-52-4-188-235.compute-1.amazonaws.com\/charla-tecnica-al-personal-de-nuestro-aliado-comercia-exclusivas-electricas-oriente\/"},"author":{"name":"Tubrica","@id":"https:\/\/tubrica.com\/#\/schema\/person\/b78eb408189ac83661b8d66e8f4a4346"},"headline":"Charla t\u00e9cnica al personal de nuestro aliado comercia EXCLUSIVAS EL\u00c9CTRICAS ORIENTE","datePublished":"2014-06-18T07:44:43+00:00","dateModified":"2023-10-23T16:24:50+00:00","mainEntityOfPage":{"@id":"https:\/\/ec2-52-4-188-235.compute-1.amazonaws.com\/charla-tecnica-al-personal-de-nuestro-aliado-comercia-exclusivas-electricas-oriente\/"},"wordCount":106,"publisher":{"@id":"https:\/\/tubrica.com\/#organization"},"image":{"@id":"https:\/\/ec2-52-4-188-235.compute-1.amazonaws.com\/charla-tecnica-al-personal-de-nuestro-aliado-comercia-exclusivas-electricas-oriente\/#primaryimage"},"thumbnailUrl":"https:\/\/tubrica.com\/wp-content\/uploads\/2020\/09\/21-220x120.jpg","articleSection":["Noticias"],"inLanguage":"en-US"},{"@type":"WebPage","@id":"https:\/\/ec2-52-4-188-235.compute-1.amazonaws.com\/charla-tecnica-al-personal-de-nuestro-aliado-comercia-exclusivas-electricas-oriente\/","url":"https:\/\/ec2-52-4-188-235.compute-1.amazonaws.com\/charla-tecnica-al-personal-de-nuestro-aliado-comercia-exclusivas-electricas-oriente\/","name":"Charla t\u00e9cnica al personal de nuestro aliado comercia EXCLUSIVAS EL\u00c9CTRICAS ORIENTE - Tubrica","isPartOf":{"@id":"https:\/\/tubrica.com\/#website"},"primaryImageOfPage":{"@id":"https:\/\/ec2-52-4-188-235.compute-1.amazonaws.com\/charla-tecnica-al-personal-de-nuestro-aliado-comercia-exclusivas-electricas-oriente\/#primaryimage"},"image":{"@id":"https:\/\/ec2-52-4-188-235.compute-1.amazonaws.com\/charla-tecnica-al-personal-de-nuestro-aliado-comercia-exclusivas-electricas-oriente\/#primaryimage"},"thumbnailUrl":"https:\/\/tubrica.com\/wp-content\/uploads\/2020\/09\/21-220x120.jpg","datePublished":"2014-06-18T07:44:43+00:00","dateModified":"2023-10-23T16:24:50+00:00","breadcrumb":{"@id":"https:\/\/ec2-52-4-188-235.compute-1.amazonaws.com\/charla-tecnica-al-personal-de-nuestro-aliado-comercia-exclusivas-electricas-oriente\/#breadcrumb"},"inLanguage":"en-US","potentialAction":[{"@type":"ReadAction","target":["https:\/\/ec2-52-4-188-235.compute-1.amazonaws.com\/charla-tecnica-al-personal-de-nuestro-aliado-comercia-exclusivas-electricas-oriente\/"]}]},{"@type":"ImageObject","inLanguage":"en-US","@id":"https:\/\/ec2-52-4-188-235.compute-1.amazonaws.com\/charla-tecnica-al-personal-de-nuestro-aliado-comercia-exclusivas-electricas-oriente\/#primaryimage","url":"https:\/\/tubrica.com\/wp-content\/uploads\/2020\/09\/21-220x120.jpg","contentUrl":"https:\/\/tubrica.com\/wp-content\/uploads\/2020\/09\/21-220x120.jpg","width":220,"height":120},{"@type":"BreadcrumbList","@id":"https:\/\/ec2-52-4-188-235.compute-1.amazonaws.com\/charla-tecnica-al-personal-de-nuestro-aliado-comercia-exclusivas-electricas-oriente\/#breadcrumb","itemListElement":[{"@type":"ListItem","position":1,"name":"Portada","item":"https:\/\/tubrica.com\/"},{"@type":"ListItem","position":2,"name":"Charla t\u00e9cnica al personal de nuestro aliado comercia EXCLUSIVAS EL\u00c9CTRICAS ORIENTE"}]},{"@type":"WebSite","@id":"https:\/\/tubrica.com\/#website","url":"https:\/\/tubrica.com\/","name":"Tubrica","description":"","publisher":{"@id":"https:\/\/tubrica.com\/#organization"},"potentialAction":[{"@type":"SearchAction","target":{"@type":"EntryPoint","urlTemplate":"https:\/\/tubrica.com\/?s={search_term_string}"},"query-input":{"@type":"PropertyValueSpecification","valueRequired":true,"valueName":"search_term_string"}}],"inLanguage":"en-US"},{"@type":"Organization","@id":"https:\/\/tubrica.com\/#organization","name":"Tubrica","url":"https:\/\/tubrica.com\/","logo":{"@type":"ImageObject","inLanguage":"en-US","@id":"https:\/\/tubrica.com\/#\/schema\/logo\/image\/","url":"https:\/\/tubrica.com\/wp-content\/uploads\/2020\/04\/LOGO_TUBRICA_350x100.png","contentUrl":"https:\/\/tubrica.com\/wp-content\/uploads\/2020\/04\/LOGO_TUBRICA_350x100.png","width":1459,"height":417,"caption":"Tubrica"},"image":{"@id":"https:\/\/tubrica.com\/#\/schema\/logo\/image\/"}},{"@type":"Person","@id":"https:\/\/tubrica.com\/#\/schema\/person\/b78eb408189ac83661b8d66e8f4a4346","name":"Tubrica","image":{"@type":"ImageObject","inLanguage":"en-US","@id":"https:\/\/tubrica.com\/#\/schema\/person\/image\/","url":"https:\/\/secure.gravatar.com\/avatar\/d2f4acb381f732f9ef565884327a3c28?s=96&d=mm&r=g","contentUrl":"https:\/\/secure.gravatar.com\/avatar\/d2f4acb381f732f9ef565884327a3c28?s=96&d=mm&r=g","caption":"Tubrica"},"url":"https:\/\/tubrica.com\/en\/author\/angel\/"}]}},"_links":{"self":[{"href":"https:\/\/tubrica.com\/en\/wp-json\/wp\/v2\/posts\/3955"}],"collection":[{"href":"https:\/\/tubrica.com\/en\/wp-json\/wp\/v2\/posts"}],"about":[{"href":"https:\/\/tubrica.com\/en\/wp-json\/wp\/v2\/types\/post"}],"author":[{"embeddable":true,"href":"https:\/\/tubrica.com\/en\/wp-json\/wp\/v2\/users\/2"}],"replies":[{"embeddable":true,"href":"https:\/\/tubrica.com\/en\/wp-json\/wp\/v2\/comments?post=3955"}],"version-history":[{"count":0,"href":"https:\/\/tubrica.com\/en\/wp-json\/wp\/v2\/posts\/3955\/revisions"}],"wp:featuredmedia":[{"embeddable":true,"href":"https:\/\/tubrica.com\/en\/wp-json\/wp\/v2\/media\/6465"}],"wp:attachment":[{"href":"https:\/\/tubrica.com\/en\/wp-json\/wp\/v2\/media?parent=3955"}],"wp:term":[{"taxonomy":"category","embeddable":true,"href":"https:\/\/tubrica.com\/en\/wp-json\/wp\/v2\/categories?post=3955"},{"taxonomy":"post_tag","embeddable":true,"href":"https:\/\/tubrica.com\/en\/wp-json\/wp\/v2\/tags?post=3955"}],"curies":[{"name":"wp","href":"https:\/\/api.w.org\/{rel}","templated":true}]}}